{"id":505,"date":"2023-03-24T15:37:38","date_gmt":"2023-03-24T14:37:38","guid":{"rendered":"https:\/\/franckleprevost.com\/?p=505"},"modified":"2023-03-30T09:35:34","modified_gmt":"2023-03-30T08:35:34","slug":"la-chambre-des-larmes","status":"publish","type":"post","link":"https:\/\/franckleprevost.com\/en\/la-chambre-des-larmes\/","title":{"rendered":"La chambre des larmes"},"content":{"rendered":"<div data-elementor-type=\"wp-post\" data-elementor-id=\"505\" class=\"elementor elementor-505\">\n\t\t\t\t\t\t<section class=\"elementor-section elementor-top-section elementor-element elementor-element-79f0b76 elementor-section-boxed elementor-section-height-default elementor-section-height-default\" data-id=\"79f0b76\" data-element_type=\"section\">\n\t\t\t\t\t\t<div class=\"elementor-container elementor-column-gap-default\">\n\t\t\t\t\t<div class=\"elementor-column elementor-col-50 elementor-top-column elementor-element elementor-element-3c53015\" data-id=\"3c53015\" data-element_type=\"column\">\n\t\t\t<div class=\"elementor-widget-wrap elementor-element-populated\">\n\t\t\t\t\t\t<div class=\"elementor-element elementor-element-6f52043 elementor-widget elementor-widget-image\" data-id=\"6f52043\" data-element_type=\"widget\" data-widget_type=\"image.default\">\n\t\t\t\t<div class=\"elementor-widget-container\">\n\t\t\t<style>\/*! elementor - v3.21.0 - 08-05-2024 *\/\n.elementor-widget-image{text-align:center}.elementor-widget-image a{display:inline-block}.elementor-widget-image a img[src$=\".svg\"]{width:48px}.elementor-widget-image img{vertical-align:middle;display:inline-block}<\/style>\t\t\t\t\t\t\t\t\t\t\t<a href=\"https:\/\/www.amazon.fr\/chambre-larmes-Franck-Lepr%C3%A9vost-ebook\/dp\/B071DQ6YS9\/ref=sr_1_6?crid=22GQ90ISSWUTT&#038;keywords=franck+lepr%C3%A9vost&#038;qid=1678973385&#038;sprefix=,aps,117&#038;sr=8-6\">\n\t\t\t\t\t\t\t<img fetchpriority=\"high\" decoding=\"async\" width=\"314\" height=\"500\" src=\"https:\/\/franckleprevost.com\/wp-content\/uploads\/2023\/03\/chambre-larmes-2.jpg\" class=\"attachment-2048x2048 size-2048x2048 wp-image-894\" alt=\"\" srcset=\"https:\/\/franckleprevost.com\/wp-content\/uploads\/2023\/03\/chambre-larmes-2.jpg 314w, https:\/\/franckleprevost.com\/wp-content\/uploads\/2023\/03\/chambre-larmes-2-188x300.jpg 188w, https:\/\/franckleprevost.com\/wp-content\/uploads\/2023\/03\/chambre-larmes-2-8x12.jpg 8w\" sizes=\"(max-width: 314px) 100vw, 314px\" \/>\t\t\t\t\t\t\t\t<\/a>\n\t\t\t\t\t\t\t\t\t\t\t\t\t<\/div>\n\t\t\t\t<\/div>\n\t\t\t\t<div class=\"elementor-element elementor-element-8dbe86e elementor-widget elementor-widget-spacer\" data-id=\"8dbe86e\" data-element_type=\"widget\" data-widget_type=\"spacer.default\">\n\t\t\t\t<div class=\"elementor-widget-container\">\n\t\t\t<style>\/*! elementor - v3.21.0 - 08-05-2024 *\/\n.elementor-column .elementor-spacer-inner{height:var(--spacer-size)}.e-con{--container-widget-width:100%}.e-con-inner>.elementor-widget-spacer,.e-con>.elementor-widget-spacer{width:var(--container-widget-width,var(--spacer-size));--align-self:var(--container-widget-align-self,initial);--flex-shrink:0}.e-con-inner>.elementor-widget-spacer>.elementor-widget-container,.e-con>.elementor-widget-spacer>.elementor-widget-container{height:100%;width:100%}.e-con-inner>.elementor-widget-spacer>.elementor-widget-container>.elementor-spacer,.e-con>.elementor-widget-spacer>.elementor-widget-container>.elementor-spacer{height:100%}.e-con-inner>.elementor-widget-spacer>.elementor-widget-container>.elementor-spacer>.elementor-spacer-inner,.e-con>.elementor-widget-spacer>.elementor-widget-container>.elementor-spacer>.elementor-spacer-inner{height:var(--container-widget-height,var(--spacer-size))}.e-con-inner>.elementor-widget-spacer.elementor-widget-empty,.e-con>.elementor-widget-spacer.elementor-widget-empty{position:relative;min-height:22px;min-width:22px}.e-con-inner>.elementor-widget-spacer.elementor-widget-empty .elementor-widget-empty-icon,.e-con>.elementor-widget-spacer.elementor-widget-empty .elementor-widget-empty-icon{position:absolute;top:0;bottom:0;left:0;right:0;margin:auto;padding:0;width:22px;height:22px}<\/style>\t\t<div class=\"elementor-spacer\">\n\t\t\t<div class=\"elementor-spacer-inner\"><\/div>\n\t\t<\/div>\n\t\t\t\t<\/div>\n\t\t\t\t<\/div>\n\t\t\t\t\t<\/div>\n\t\t<\/div>\n\t\t\t\t<div class=\"elementor-column elementor-col-50 elementor-top-column elementor-element elementor-element-9b2953d\" data-id=\"9b2953d\" data-element_type=\"column\">\n\t\t\t<div class=\"elementor-widget-wrap elementor-element-populated\">\n\t\t\t\t\t\t<div class=\"elementor-element elementor-element-364d973 elementor-align-center elementor-widget elementor-widget-button\" data-id=\"364d973\" data-element_type=\"widget\" data-widget_type=\"button.default\">\n\t\t\t\t<div class=\"elementor-widget-container\">\n\t\t\t\t\t<div class=\"elementor-button-wrapper\">\n\t\t\t<a class=\"elementor-button elementor-button-link elementor-size-lg\" href=\"https:\/\/www.amazon.fr\/chambre-larmes-Franck-Lepr%C3%A9vost-ebook\/dp\/B071DQ6YS9\/ref=sr_1_6?crid=22GQ90ISSWUTT&#038;keywords=franck+lepr%C3%A9vost&#038;qid=1678973385&#038;sprefix=,aps,117&#038;sr=8-6\">\n\t\t\t\t\t\t<span class=\"elementor-button-content-wrapper\">\n\t\t\t\t\t\t\t\t\t<span class=\"elementor-button-text\"><span style=\"font-family: Roboto, sans-serif; text-decoration-thickness: initial; text-decoration-style: initial; text-decoration-color: initial;\">Commander<\/span><span style=\"font-family: Roboto, sans-serif; text-decoration-thickness: initial; text-decoration-style: initial; text-decoration-color: initial;\"><\/span><\/span>\n\t\t\t\t\t<\/span>\n\t\t\t\t\t<\/a>\n\t\t<\/div>\n\t\t\t\t<\/div>\n\t\t\t\t<\/div>\n\t\t\t\t<div class=\"elementor-element elementor-element-c155ef6 elementor-widget elementor-widget-text-editor\" data-id=\"c155ef6\" data-element_type=\"widget\" data-widget_type=\"text-editor.default\">\n\t\t\t\t<div class=\"elementor-widget-container\">\n\t\t\t<style>\/*! elementor - v3.21.0 - 08-05-2024 *\/\n.elementor-widget-text-editor.elementor-drop-cap-view-stacked .elementor-drop-cap{background-color:#69727d;color:#fff}.elementor-widget-text-editor.elementor-drop-cap-view-framed .elementor-drop-cap{color:#69727d;border:3px solid;background-color:transparent}.elementor-widget-text-editor:not(.elementor-drop-cap-view-default) .elementor-drop-cap{margin-top:8px}.elementor-widget-text-editor:not(.elementor-drop-cap-view-default) .elementor-drop-cap-letter{width:1em;height:1em}.elementor-widget-text-editor .elementor-drop-cap{float:left;text-align:center;line-height:1;font-size:50px}.elementor-widget-text-editor .elementor-drop-cap-letter{display:inline-block}<\/style>\t\t\t\t<h2>\u00c0 propos ?<\/h2>\n\n<p style=\"text-align: justify;\">\nMichel est le futur pape. Avant de s\u2019adresser \u00e0 la foule depuis le balcon central de la basilique Saint-Pierre, il se retire dans la \u201cchambre des larmes\u201d, la sacristie attenante \u00e0 la Chapelle Sixtine, accompagn\u00e9 du cardinal Guido Falcone, camerlingue du Vatican, et du ma\u00eetre des c\u00e9l\u00e9brations liturgiques, le cardinal Stefan von Harden, alors que les gardes suisses sont \u00e0 la recherche de Sofia, une comptable de la Banque du Vatican.\n<\/p>\n\n<p style=\"text-align: justify;\">\nQuels secrets ont en partage Guido et Stefan ? Pourquoi Sofia se cache-t-elle ? Que sait Michel et que soup\u00e7onne-t-il ? Est-il na\u00eff, ou clairvoyant ? Innocent ou porte-t-il une part de culpabilit\u00e9 ?\n<\/p>\n\n<p style=\"text-align: justify;\">\nUn suspense qui traite avec \u00e9motion et humour du pouvoir, de trahison, de responsabilit\u00e9, d\u2019amour, de religion et de choix. Une com\u00e9die o\u00f9 l\u2019humain s\u2019invite dans la maison de Dieu.\n<\/p>\t\t\t\t\t\t<\/div>\n\t\t\t\t<\/div>\n\t\t\t\t\t<\/div>\n\t\t<\/div>\n\t\t\t\t\t<\/div>\n\t\t<\/section>\n\t\t\t\t<\/div>","protected":false},"excerpt":{"rendered":"<p>Commander \u00c0 propos ? Michel est le futur pape. Avant de s\u2019adresser \u00e0 la foule depuis le balcon central de la basilique Saint-Pierre, il se retire dans la \u201cchambre des larmes\u201d, la sacristie attenante \u00e0 la Chapelle Sixtine, accompagn\u00e9 du cardinal Guido Falcone, camerlingue du Vatican, et du ma\u00eetre des c\u00e9l\u00e9brations liturgiques, le cardinal Stefan [&hellip;]<\/p>","protected":false},"author":1,"featured_media":0,"comment_status":"closed","ping_status":"closed","sticky":false,"template":"","format":"standard","meta":{"footnotes":""},"categories":[7],"tags":[],"class_list":["post-505","post","type-post","status-publish","format-standard","hentry","category-books"],"_links":{"self":[{"href":"https:\/\/franckleprevost.com\/en\/wp-json\/wp\/v2\/posts\/505","targetHints":{"allow":["GET"]}}],"collection":[{"href":"https:\/\/franckleprevost.com\/en\/wp-json\/wp\/v2\/posts"}],"about":[{"href":"https:\/\/franckleprevost.com\/en\/wp-json\/wp\/v2\/types\/post"}],"author":[{"embeddable":true,"href":"https:\/\/franckleprevost.com\/en\/wp-json\/wp\/v2\/users\/1"}],"replies":[{"embeddable":true,"href":"https:\/\/franckleprevost.com\/en\/wp-json\/wp\/v2\/comments?post=505"}],"version-history":[{"count":25,"href":"https:\/\/franckleprevost.com\/en\/wp-json\/wp\/v2\/posts\/505\/revisions"}],"predecessor-version":[{"id":934,"href":"https:\/\/franckleprevost.com\/en\/wp-json\/wp\/v2\/posts\/505\/revisions\/934"}],"wp:attachment":[{"href":"https:\/\/franckleprevost.com\/en\/wp-json\/wp\/v2\/media?parent=505"}],"wp:term":[{"taxonomy":"category","embeddable":true,"href":"https:\/\/franckleprevost.com\/en\/wp-json\/wp\/v2\/categories?post=505"},{"taxonomy":"post_tag","embeddable":true,"href":"https:\/\/franckleprevost.com\/en\/wp-json\/wp\/v2\/tags?post=505"}],"curies":[{"name":"wp","href":"https:\/\/api.w.org\/{rel}","templated":true}]}}